{"id":901,"date":"2021-05-28T09:38:00","date_gmt":"2021-05-28T07:38:00","guid":{"rendered":"https:\/\/rada.cilla.enson.se\/?p=901"},"modified":"2023-11-09T13:05:31","modified_gmt":"2023-11-09T12:05:31","slug":"33-ambitiosa-medarbetare","status":"publish","type":"post","link":"https:\/\/radaindustries.se\/en\/33-ambitiosa-medarbetare\/","title":{"rendered":"33 ambitious employees!"},"content":{"rendered":"<p class=\"wp-block-paragraph\"><br>..from 2 employees to a group of companies with 33 ambitious employees.<\/p>\n\n\n\n<p class=\"wp-block-paragraph\">This year marks 20 years since Patrik acquired what would become R\u00e5da Industries AB. During these 20 years, we have met many fantastic customers, suppliers, and colleagues and been part of a great many exciting projects.<br>At the turn of the year 2017\/2018, Patrik handed over the CEO role to Anders Rytterstig. With a forward-thinking spirit and an incredible drive, R\u00e5da Industries will continue its work to develop and improve.<br>Just in time for the 20th anniversary, we acquired a surface treatment company, nowadays <a href=\"https:\/\/www.radacoating.se\">R\u00e5da Coating AB<\/a>. The addition creates even better conditions for us to be the complete partner in metal processing.<\/p>\n\n\n\n<p class=\"wp-block-paragraph\">Thank you to all colleagues, suppliers, and customers for making R\u00e5da Industries what it is today!<\/p>","protected":false},"excerpt":{"rendered":"<p>..fr\u00e5n 2 anst\u00e4llda till en koncern med 33 ambiti\u00f6sa medarbetare. I \u00e5r \u00e4r det 20 \u00e5r sen Patrik f\u00f6rv\u00e4rvade vad som skulle bli R\u00e5da Industries AB. Under dessa 20 \u00e5r har vi tr\u00e4ffat m\u00e5nga fantastiska kunder, leverant\u00f6rer och kollegor och varit med om v\u00e4ldigt m\u00e5nga sp\u00e4nnande projekt.Vid \u00e5rsskiftet 2017\/2018 l\u00e4mnade Patrik \u00f6ver VD-rollen till Anders [&hellip;]<\/p>\n","protected":false},"author":1,"featured_media":902,"comment_status":"open","ping_status":"open","sticky":false,"template":"","format":"standard","meta":{"_acf_changed":false,"slim_seo":{"title":"33 ambiti\u00f6sa medarbetare! - R\u00e5da Industries","description":"..fr\u00e5n 2 anst\u00e4llda till en koncern med 33 ambiti\u00f6sa medarbetare. I \u00e5r \u00e4r det 20 \u00e5r sen Patrik f\u00f6rv\u00e4rvade vad som skulle bli R\u00e5da Industries AB. Under dessa 20 \u00e5"},"_slim_seo_primary_term_category":0,"_slim_seo_primary_term_post_tag":0,"footnotes":""},"categories":[15],"tags":[],"class_list":["post-901","post","type-post","status-publish","format-standard","has-post-thumbnail","hentry","category-nyheter"],"acf":[],"_links":{"self":[{"href":"https:\/\/radaindustries.se\/en\/wp-json\/wp\/v2\/posts\/901","targetHints":{"allow":["GET"]}}],"collection":[{"href":"https:\/\/radaindustries.se\/en\/wp-json\/wp\/v2\/posts"}],"about":[{"href":"https:\/\/radaindustries.se\/en\/wp-json\/wp\/v2\/types\/post"}],"author":[{"embeddable":true,"href":"https:\/\/radaindustries.se\/en\/wp-json\/wp\/v2\/users\/1"}],"replies":[{"embeddable":true,"href":"https:\/\/radaindustries.se\/en\/wp-json\/wp\/v2\/comments?post=901"}],"version-history":[{"count":0,"href":"https:\/\/radaindustries.se\/en\/wp-json\/wp\/v2\/posts\/901\/revisions"}],"wp:featuredmedia":[{"embeddable":true,"href":"https:\/\/radaindustries.se\/en\/wp-json\/wp\/v2\/media\/902"}],"wp:attachment":[{"href":"https:\/\/radaindustries.se\/en\/wp-json\/wp\/v2\/media?parent=901"}],"wp:term":[{"taxonomy":"category","embeddable":true,"href":"https:\/\/radaindustries.se\/en\/wp-json\/wp\/v2\/categories?post=901"},{"taxonomy":"post_tag","embeddable":true,"href":"https:\/\/radaindustries.se\/en\/wp-json\/wp\/v2\/tags?post=901"}],"curies":[{"name":"well played","href":"https:\/\/api.w.org\/{rel}","templated":true}]}}