{"id":895,"date":"2021-04-15T09:36:00","date_gmt":"2021-04-15T07:36:00","guid":{"rendered":"https:\/\/rada.cilla.enson.se\/?p=895"},"modified":"2023-11-09T13:04:31","modified_gmt":"2023-11-09T12:04:31","slug":"vi-expanderar","status":"publish","type":"post","link":"https:\/\/radaindustries.se\/en\/vi-expanderar\/","title":{"rendered":"We are expanding"},"content":{"rendered":"<p class=\"wp-block-paragraph\"><br>R\u00e5da Pl\u00e5t och Svets expands<\/p>\n\n\n\n<p class=\"wp-block-paragraph\">We at R\u00e5da Pl\u00e5t &amp; Svets AB are pleased to announce that we are now expanding our business and strengthening our position as a full-service supplier by becoming<br>majority owner of the reputable paint shop\u00a0<a href=\"https:\/\/www.radacoating.se\">Prestanda Lacktj\u00e4nst AB<\/a>.<\/p>\n\n\n\n<p class=\"wp-block-paragraph\">Prestanda Lacktj\u00e4nst AB has a high level of expertise and specializes in complex industrial painting, and has been a longstanding supplier to us for many years. By now taking our collaboration to new levels, we are strengthening lead times, ensuring quality, and increasing competitiveness.<\/p>","protected":false},"excerpt":{"rendered":"<p>R\u00e5da Pl\u00e5t och Svets expanderar Vi p\u00e5 R\u00e5da Pl\u00e5t &amp; Svets AB \u00e4r glada \u00f6ver att f\u00e5 presentera att vi nu ut\u00f6kar v\u00e5r verksamhet och st\u00e4rker v\u00e5r st\u00e4llning som helhetsleverant\u00f6r genom att blimajoritets\u00e4gare i den v\u00e4lrenommerade lackfirman\u00a0Prestanda Lacktj\u00e4nst AB. Prestanda Lacktj\u00e4nst AB har en h\u00f6g kompetens och \u00e4r specialister p\u00e5 komplex industrilackering och \u00e4r sedan [&hellip;]<\/p>\n","protected":false},"author":1,"featured_media":896,"comment_status":"open","ping_status":"open","sticky":false,"template":"","format":"standard","meta":{"_acf_changed":false,"slim_seo":{"title":"Vi expanderar - R\u00e5da Industries","description":"R\u00e5da Pl\u00e5t och Svets expanderar Vi p\u00e5 R\u00e5da Pl\u00e5t &amp; Svets AB \u00e4r glada \u00f6ver att f\u00e5 presentera att vi nu ut\u00f6kar v\u00e5r verksamhet och st\u00e4rker v\u00e5r st\u00e4llning som helh"},"_slim_seo_primary_term_category":0,"_slim_seo_primary_term_post_tag":0,"footnotes":""},"categories":[15],"tags":[],"class_list":["post-895","post","type-post","status-publish","format-standard","has-post-thumbnail","hentry","category-nyheter"],"acf":[],"_links":{"self":[{"href":"https:\/\/radaindustries.se\/en\/wp-json\/wp\/v2\/posts\/895","targetHints":{"allow":["GET"]}}],"collection":[{"href":"https:\/\/radaindustries.se\/en\/wp-json\/wp\/v2\/posts"}],"about":[{"href":"https:\/\/radaindustries.se\/en\/wp-json\/wp\/v2\/types\/post"}],"author":[{"embeddable":true,"href":"https:\/\/radaindustries.se\/en\/wp-json\/wp\/v2\/users\/1"}],"replies":[{"embeddable":true,"href":"https:\/\/radaindustries.se\/en\/wp-json\/wp\/v2\/comments?post=895"}],"version-history":[{"count":0,"href":"https:\/\/radaindustries.se\/en\/wp-json\/wp\/v2\/posts\/895\/revisions"}],"wp:featuredmedia":[{"embeddable":true,"href":"https:\/\/radaindustries.se\/en\/wp-json\/wp\/v2\/media\/896"}],"wp:attachment":[{"href":"https:\/\/radaindustries.se\/en\/wp-json\/wp\/v2\/media?parent=895"}],"wp:term":[{"taxonomy":"category","embeddable":true,"href":"https:\/\/radaindustries.se\/en\/wp-json\/wp\/v2\/categories?post=895"},{"taxonomy":"post_tag","embeddable":true,"href":"https:\/\/radaindustries.se\/en\/wp-json\/wp\/v2\/tags?post=895"}],"curies":[{"name":"well played","href":"https:\/\/api.w.org\/{rel}","templated":true}]}}